[{"@context":"https:\/\/schema.org\/","@type":"Article","@id":"https:\/\/www.duave.cz\/s-nuzkami-a-hrebenem-panem-salonu\/#Article","mainEntityOfPage":"https:\/\/www.duave.cz\/s-nuzkami-a-hrebenem-panem-salonu\/","headline":"S n\u016f\u017ekami a h\u0159ebenem p\u00e1nem sal\u00f3nu","name":"S n\u016f\u017ekami a h\u0159ebenem p\u00e1nem sal\u00f3nu","description":"To, \u017ee se v kade\u0159nick\u00fdch sal\u00f3nech setk\u00e1v\u00e1me p\u0159ev\u00e1\u017en\u011b se \u017eenami, nen\u00ed nic, co by n\u00e1s p\u0159ekvapilo. Mu\u017ee v t\u00e9to profesi potk\u00e1me jen z\u0159\u00eddka, ale neznamen\u00e1 to, \u017ee se tomuto povol\u00e1n\u00ed nev\u011bnuj\u00ed v\u016fbec \u017e\u00e1dn\u00ed. &#13; &#13; V dob\u00e1ch d\u0159\u00edv\u011bj\u0161\u00edch byli, p\u0159edev\u0161\u00edm pro bohatou vrstvu obyvatel, samoz\u0159ejmost\u00ed slu\u017eby lazebn\u00edk\u016f. V minul\u00e9m stolet\u00ed nebylo nic neobvykl\u00e9ho, \u017ee zam\u011bstnanci","datePublished":"2019-06-14","dateModified":"2023-06-14","author":{"@type":"Person","@id":"https:\/\/www.duave.cz\/author\/devene\/#Person","name":"devene","url":"https:\/\/www.duave.cz\/author\/devene\/","identifier":1,"image":{"@type":"ImageObject","@id":"https:\/\/secure.gravatar.com\/avatar\/014a645f9f16d49aceddb25e316448c724bd78e7db0ee7a34c29417d5ca39ef1?s=96&d=mm&r=g","url":"https:\/\/secure.gravatar.com\/avatar\/014a645f9f16d49aceddb25e316448c724bd78e7db0ee7a34c29417d5ca39ef1?s=96&d=mm&r=g","height":96,"width":96}},"publisher":{"@type":"Organization","name":"duave.cz","logo":{"@type":"ImageObject","@id":"\/logo.png","url":"\/logo.png","width":600,"height":60}},"image":{"@type":"ImageObject","@id":"https:\/\/www.duave.cz\/wp-content\/uploads\/img_a346096_w2092_t1560066754.jpg","url":"https:\/\/www.duave.cz\/wp-content\/uploads\/img_a346096_w2092_t1560066754.jpg","height":0,"width":0},"url":"https:\/\/www.duave.cz\/s-nuzkami-a-hrebenem-panem-salonu\/","wordCount":424,"articleBody":"To, \u017ee se v kade\u0159nick\u00fdch sal\u00f3nech setk\u00e1v\u00e1me p\u0159ev\u00e1\u017en\u011b se \u017eenami, nen\u00ed nic, co by n\u00e1s p\u0159ekvapilo. Mu\u017ee v t\u00e9to profesi potk\u00e1me jen z\u0159\u00eddka, ale neznamen\u00e1 to, \u017ee se tomuto povol\u00e1n\u00ed nev\u011bnuj\u00ed v\u016fbec \u017e\u00e1dn\u00ed.&#13; &#13; V dob\u00e1ch d\u0159\u00edv\u011bj\u0161\u00edch byli, p\u0159edev\u0161\u00edm pro bohatou vrstvu obyvatel, samoz\u0159ejmost\u00ed slu\u017eby lazebn\u00edk\u016f. V minul\u00e9m stolet\u00ed nebylo nic neobvykl\u00e9ho, \u017ee zam\u011bstnanci holi\u010dstv\u00ed, byli p\u0159edev\u0161\u00edm mu\u017ei, tedy holi\u010di, kte\u0159\u00ed se v\u011bnovali hlavn\u011b holen\u00ed \u010di jin\u00e9 \u00faprav\u011b vous\u016f. P\u0159ed druhou sv\u011btovou v\u00e1lkou dokonce existovalo sdru\u017een\u00ed \u2013 Academie holi\u010d\u016f. Bohu\u017eel \u00fanor 1948 u\u010dinil p\u0159\u00edtr\u017e t\u011bmto drobn\u00fdm \u017eivnostn\u00edk\u016fm, dal\u0161\u00edch dvacet let jste pak holi\u010de na\u0161li je\u0161t\u011b v kade\u0159nictv\u00edch, tak jak jsme je znali do devades\u00e1t\u00fdch let. Pot\u00e9 si za\u010dali p\u00e1nov\u00e9 upravovat svoje brady sami doma a holi\u010di jako takov\u00fd na n\u011bkolik dal\u0161\u00edch let zmizeli. Po sametov\u00e9 revoluci sice kade\u0159nictv\u00ed zaznamenalo velk\u00e9 zm\u011bny, ale v\u011bnovaly se mu jen \u017eeny. &#13; &#13; Na\u0161t\u011bst\u00ed se po dlouh\u00e9 dob\u011b p\u00e1nsk\u00e1 holi\u010dstv\u00ed, nyn\u00ed u\u017e se m\u016f\u017eete setkat s modern\u00edm ozna\u010den\u00edm barbershop, op\u011bt chopila sv\u00e9ho m\u00edsta na trhu. Krom\u011b p\u00e9\u010de o brady a tv\u00e1\u0159e, si zde p\u00e1nov\u00e9 mohou nechat ud\u011blat i nov\u00fd \u00fa\u010des. V\u0161e je zde pod\u0159\u00edzeno ryze p\u00e1nsk\u00e9 klientele, doutn\u00edky \u010di dobr\u00e1 a kvalitn\u00ed whisky sem tak n\u011bjak tak\u00e9 pat\u0159\u00ed. &#13; &#13; V ka\u017ed\u00e9m v\u011bt\u0161\u00edm m\u011bst\u011b dnes najdete podnik orientovan\u00fd na p\u00e9\u010di o vzhled p\u00e1n\u016f. Nakonec, pro\u010d by si i mu\u017ei nemohli dop\u0159\u00e1t p\u00e9\u010di o sv\u016fj vzhled, nemus\u00ed to b\u00fdt jen z\u00e1le\u017eitost \u017een. Cen se nijak ob\u00e1vat nemus\u00ed, samoz\u0159ejm\u011b z\u00e1le\u017e\u00ed na d\u00e9lce a n\u00e1ro\u010dnosti po\u017eadovan\u00e9 \u00fapravy, pohybuj\u00ed se od dvou set korun \u010desk\u00fdch do dvou tis\u00edc korun \u010desk\u00fdch. V cen\u011b jsou pou\u017eit\u00e9 p\u0159\u00edpravky i kvalitn\u00ed kol\u00ednsk\u00e1. A tak odborn\u00e9 \u00faprav\u011b zevn\u011bj\u0161ku nestoj\u00ed nic v cest\u011b, jde jen o to, ud\u011blat si p\u00e1r minut \u010das.&#13; &#13; Kade\u0159n\u00edci se v\u011bnuj\u00ed nejen p\u00e1nsk\u00fdm \u00fa\u010des\u016fm, ale m\u016f\u017eete se s nimi setkat i v d\u00e1msk\u00fdch kade\u0159nictv\u00edch, jsou tak\u00e9 v\u00fdborn\u00fdmi viz\u00e1\u017eisty a stylisty a makeup artisty. &#13;                                                                                                                                                                                                                                                                                                                                                                                         4\/5 - (8 votes)        "},{"@context":"https:\/\/schema.org\/","@type":"BreadcrumbList","itemListElement":[{"@type":"ListItem","position":1,"name":"S n\u016f\u017ekami a h\u0159ebenem p\u00e1nem sal\u00f3nu","item":"https:\/\/www.duave.cz\/s-nuzkami-a-hrebenem-panem-salonu\/#breadcrumbitem"}]}]