[{"@context":"https:\/\/schema.org\/","@type":"Article","@id":"https:\/\/www.duave.cz\/krasne-zabradli\/#Article","mainEntityOfPage":"https:\/\/www.duave.cz\/krasne-zabradli\/","headline":"Kr\u00e1sn\u00e9 z\u00e1bradl\u00ed","name":"Kr\u00e1sn\u00e9 z\u00e1bradl\u00ed","description":"S partnerem uva\u017eujeme, \u017ee si u\u017e kone\u010dn\u011b nech\u00e1me postavit n\u011bjak\u00fd d\u016fm na kl\u00ed\u010d. V\u0161ichni v\u00edme, \u017ee stavba domu na kl\u00ed\u010d m\u016f\u017ee b\u00fdt opravdu velice drah\u00e1, proto jsem si tak\u00e9 sedla k po\u010d\u00edta\u010di a hledala jsem opravdu to nejlep\u0161\u00ed, co by se m\u011b a partnerovi tak\u00e9 mohlo l\u00edbit. Tak\u00e9 jsme si najali n\u011bjak\u00e9ho profesion\u00e1la, kter\u00fd n\u00e1m","datePublished":"2025-02-19","dateModified":"2025-02-19","author":{"@type":"Person","@id":"https:\/\/www.duave.cz\/author\/devene\/#Person","name":"devene","url":"https:\/\/www.duave.cz\/author\/devene\/","identifier":1,"image":{"@type":"ImageObject","@id":"https:\/\/secure.gravatar.com\/avatar\/014a645f9f16d49aceddb25e316448c724bd78e7db0ee7a34c29417d5ca39ef1?s=96&d=mm&r=g","url":"https:\/\/secure.gravatar.com\/avatar\/014a645f9f16d49aceddb25e316448c724bd78e7db0ee7a34c29417d5ca39ef1?s=96&d=mm&r=g","height":96,"width":96}},"publisher":{"@type":"Organization","name":"duave.cz","logo":{"@type":"ImageObject","@id":"\/logo.png","url":"\/logo.png","width":600,"height":60}},"image":{"@type":"ImageObject","@id":"https:\/\/www.duave.cz\/wp-content\/uploads\/stairs-8062145_640_3.jpg","url":"https:\/\/www.duave.cz\/wp-content\/uploads\/stairs-8062145_640_3.jpg","height":0,"width":0},"url":"https:\/\/www.duave.cz\/krasne-zabradli\/","about":["V\u00fdrobky"],"wordCount":418,"articleBody":"      S partnerem uva\u017eujeme, \u017ee si u\u017e kone\u010dn\u011b nech\u00e1me postavit n\u011bjak\u00fd d\u016fm na kl\u00ed\u010d. V\u0161ichni v\u00edme, \u017ee stavba domu na kl\u00ed\u010d m\u016f\u017ee b\u00fdt opravdu velice drah\u00e1, proto jsem si tak\u00e9 sedla k po\u010d\u00edta\u010di a hledala jsem opravdu to nejlep\u0161\u00ed, co by se m\u011b a partnerovi tak\u00e9 mohlo l\u00edbit. Tak\u00e9 jsme si najali n\u011bjak\u00e9ho profesion\u00e1la, kter\u00fd n\u00e1m tak\u00e9 n\u011bco navrhne. N\u011bjak\u00e9ho bytov\u00e9ho architekta a tak\u00e9 design\u00e9ra. A hlavn\u011b on n\u00e1m \u0159ekl, abychom si ud\u011blali na\u0161e bydlen\u00ed hlavn\u011b bezpe\u010dn\u00e9 a to znamen\u00e1, abychom u v\u0161ech schodi\u0161\u0165 anebo u ka\u017ed\u00e9ho balkonu m\u011bli tak\u00e9 z\u00e1bradl\u00ed. Nebo n\u011bjak\u00e9 madlo? Hlavn\u011b to, \u010deho se potom \u010dlov\u011bk m\u016f\u017ee chytit? Kdy\u017e t\u0159eba \u010dlov\u011bk jde do schod\u016f nebo ze schod\u016f? Aby m\u011bl vlastn\u011b n\u011bjakou oporu. Z\u00e1bradl\u00ed na schodi\u0161t\u011b je d\u016fle\u017eit\u00e9. Podle m\u00e9ho n\u00e1zoru z\u00e1bradl\u00ed na schodi\u0161t\u011b anebo z\u00e1bradl\u00ed na balkon bude opravdu tou nejlep\u0161\u00ed volbou. Vy vlastn\u011b, pokud t\u0159eba budete unaven\u00ed anebo t\u0159eba p\u0159ijdete i spole\u010densky unaven\u00ed, tak vlastn\u011b se m\u016f\u017eete chytit toho z\u00e1bradl\u00ed. Mysl\u00edm si, \u017ee hodn\u011b lid\u00ed mi d\u00e1 za pravdu, \u017ee kdy\u017e jsou spole\u010densky unaven\u00ed, \u017ee v\u017edycky pot\u0159ebuj\u00ed jakoukoliv oporu. A kdy\u017e t\u0159eba p\u016fjdou do schod\u016f, kde t\u0159eba nen\u00ed \u017e\u00e1dn\u00e1 opora nebo madlo, nebo z\u00e1bradl\u00ed na schodi\u0161ti, tak to samoz\u0159ejm\u011b tak\u00e9 m\u016f\u017ee dopadnout katastrof\u00e1ln\u011b.Anebo t\u0159eba spadnete a v\u016fbec se v\u00e1m nic nestane? O v\u0161em se ale zeptejte n\u011bjak\u00e9 firmy, kter\u00e1 se v tomhle vyzn\u00e1. A \u0159ekne v\u00e1m, jak\u00e9 schodi\u0161t\u011b je pro v\u00e1s, bude opravdu to nejv\u00edce vhodn\u00e9. Co pro v\u00e1s bude opravdu nejlep\u0161\u00ed. Vy si vlastn\u011b z\u00e1bradl\u00ed na schodi\u0161t\u011b m\u016f\u017eete vybrat v jak\u00e9mkoliv designu. Z\u00e1bradl\u00ed m\u016f\u017eete m\u00edt dokonce i sklen\u011bn\u00e9. Kdy\u017e jsem tohle \u0159ekla sv\u00e9mu partnerovi, \u017ee m\u011b osobn\u011b by se l\u00edbilo sklen\u011bn\u00e9 z\u00e1bradl\u00ed na schodi\u0161t\u011b, tak m\u016fj partner si klepal na \u010delo. \u0158\u00edkal, \u017ee to bude velice nepraktick\u00e9. \u017de pr\u00fd d\u0159ev\u011bn\u00e9 anebo sklen\u011bn\u00e9 z\u00e1bradl\u00ed na schodi\u0161t\u011b se m\u016f\u017ee lehce po\u0161kodit. J\u00e1 si ale mysl\u00edm prav\u00fd opak. J\u00e1 si hlavn\u011b mysl\u00edm, \u017ee pr\u00e1v\u011b plastov\u00e9 z\u00e1bradl\u00ed se lehce poni\u010d\u00ed a m\u016f\u017ee i prasknout.                                                                                                                                                                                                                                                                                                                                                                                          4.7\/5 - (10 votes)        "},{"@context":"https:\/\/schema.org\/","@type":"BreadcrumbList","itemListElement":[{"@type":"ListItem","position":1,"name":"Kr\u00e1sn\u00e9 z\u00e1bradl\u00ed","item":"https:\/\/www.duave.cz\/krasne-zabradli\/#breadcrumbitem"}]}]