[{"@context":"https:\/\/schema.org\/","@type":"Article","@id":"https:\/\/www.duave.cz\/bydleni-v-ostrave\/#Article","mainEntityOfPage":"https:\/\/www.duave.cz\/bydleni-v-ostrave\/","headline":"Bydlen\u00ed v Ostrav\u011b","name":"Bydlen\u00ed v Ostrav\u011b","description":"Bydl\u00edte v Ostrav\u011b? Sly\u0161ela jsem, \u017ee Ostrav\u00e1ci se pr\u00fd maj\u00ed opravdu hodn\u011b skv\u011ble. J\u00e1 se ani nediv\u00edm. Vzpom\u00edn\u00e1m si, kdy\u017e mi je\u0161t\u011b p\u0159ed lety m\u016fj d\u011bde\u010dek \u0159\u00edkal, \u017ee \u0161est let bydlel tak\u00e9 v Ostrav\u011b a potom se p\u0159est\u011bhoval do Brna, \u0159\u00edkal mi, \u017ee v Ostrav\u011b by dal kv\u016fli tomu, \u017ee tam chodil do \u0161koly a","datePublished":"2023-11-29","dateModified":"2024-02-12","author":{"@type":"Person","@id":"https:\/\/www.duave.cz\/author\/devene\/#Person","name":"devene","url":"https:\/\/www.duave.cz\/author\/devene\/","identifier":1,"image":{"@type":"ImageObject","@id":"https:\/\/secure.gravatar.com\/avatar\/014a645f9f16d49aceddb25e316448c724bd78e7db0ee7a34c29417d5ca39ef1?s=96&d=mm&r=g","url":"https:\/\/secure.gravatar.com\/avatar\/014a645f9f16d49aceddb25e316448c724bd78e7db0ee7a34c29417d5ca39ef1?s=96&d=mm&r=g","height":96,"width":96}},"publisher":{"@type":"Organization","name":"duave.cz","logo":{"@type":"ImageObject","@id":"\/logo.png","url":"\/logo.png","width":600,"height":60}},"image":{"@type":"ImageObject","@id":"https:\/\/www.duave.cz\/wp-content\/uploads\/architecture-8243526_1280.jpg","url":"https:\/\/www.duave.cz\/wp-content\/uploads\/architecture-8243526_1280.jpg","height":0,"width":0},"url":"https:\/\/www.duave.cz\/bydleni-v-ostrave\/","about":["Internet"],"wordCount":427,"articleBody":"   Bydl\u00edte v Ostrav\u011b? Sly\u0161ela jsem, \u017ee Ostrav\u00e1ci se pr\u00fd maj\u00ed opravdu hodn\u011b skv\u011ble. J\u00e1 se ani nediv\u00edm. Vzpom\u00edn\u00e1m si, kdy\u017e mi je\u0161t\u011b p\u0159ed lety m\u016fj d\u011bde\u010dek \u0159\u00edkal, \u017ee \u0161est let bydlel tak\u00e9 v Ostrav\u011b a potom se p\u0159est\u011bhoval do Brna, \u0159\u00edkal mi, \u017ee v Ostrav\u011b by dal kv\u016fli tomu, \u017ee tam chodil do \u0161koly a potom tam je\u0161t\u011b pracoval. Pracoval jako horn\u00edk a tohle v\u0161ichni v\u00edme, \u017ee pr\u00e1v\u011b v Ostrav\u011b je hlavn\u011b tohle hornictv\u00ed. D\u011bde\u010dek \u0159\u00edkal, \u017ee ho to bavilo, ale pr\u00fd to bylo velice n\u00e1ro\u010dn\u00e9. Potom tak\u00e9 m\u011bl d\u011bde\u010dek z toho po\u0161kozen\u00e9 pl\u00edce. Ptala jsem se, jestli d\u011bde\u010dek m\u011bl tak\u00e9 v Ostrav\u011b trval\u00fd pobyt. Trval\u00fd pobyt v Ostrav\u011b lze ud\u011blat jak pro fyzick\u00e9 osoby, tak tak\u00e9 samoz\u0159ejm\u011b pro pr\u00e1vnick\u00e9 osoby. Mysl\u00edm si, \u017ee kdo m\u00e1 trval\u00fd pobyt v Ostrav\u011b, tak samoz\u0159ejm\u011b neprohloup\u00ed. Je to opravdu kr\u00e1sn\u00e9 m\u011bsto a l\u00edb\u00ed se mi tam. J\u00e1 sama jsem tam u\u017e byla dvakr\u00e1t, byla jsem tam ubytovan\u00e1 v hotelu. J\u00e1 jsem v Ostrav\u011b \u017e\u00e1dn\u00fd trval\u00fd pobyt nem\u011bla, proto\u017ee jsem tam byla v\u017edycky jenom na p\u00e1r dn\u00ed u sv\u00e9 kamar\u00e1dky. A pokud podnik\u00e1te, tak se samoz\u0159ejm\u011b tak\u00e9 m\u016f\u017eete d\u00e1t trval\u00fd pobyt v Ostrav\u011b pro va\u0161e podnik\u00e1n\u00ed. Nen\u00ed na tom v\u016fbec nic \u0161patn\u00e9ho. Mnoho lid\u00ed pr\u00e1v\u011b m\u00e1 tak\u00e9 firmy, kter\u00e9 si t\u0159eba d\u00e1vaj\u00ed \u00fapln\u011b jinam, aby byl jin\u00fd trval\u00fd pobyt.Aby m\u011bli jin\u00fd trval\u00fd pobyt, osobn\u00ed a tak\u00e9 jin\u00fd trval\u00fd pobyt pro svou firmu v Ostrav\u011b. Samoz\u0159ejm\u011b, \u017ee d\u011bde\u010dek potom tak\u00e9 cht\u011bl podnikat, ale jednodu\u0161e se mu to bohu\u017eel nevyda\u0159ilo, proto\u017ee jeho kolega si to rozmyslel. A d\u011bde\u010dek \u0159\u00edkal, \u017ee samotn\u00e9mu se mu podnikat necht\u011blo, ale j\u00e1 se tomu v\u016fbec nediv\u00edm. J\u00e1 bych asi byla na tom \u00fapln\u011b stejn\u011b jako m\u016fj d\u011bde\u010dek. Tak\u00e9 se mi nechce d\u011blat nic v jednom, ve dvou se to l\u00e9pe t\u00e1hne. A kdy\u017e u\u017e se bav\u00edme o Ostrav\u011b, tak cht\u011bli byste m\u00edt tak\u00e9 trval\u00fd pobyt v Ostrav\u011b t\u0159eba pro sebe anebo pro svou firmu? V\u011b\u0159te, \u017ee to nen\u00ed v\u016fbec slo\u017eit\u00e9. Sta\u010d\u00ed se obr\u00e1tit na jednu kvalitn\u00ed firmu, kter\u00e1 se v\u00e1m o tohle v\u0161echno moc r\u00e1da postar\u00e1.                                                                                                                                                                                                                                                                                                                                                                                           4\/5 - (12 votes)        "},{"@context":"https:\/\/schema.org\/","@type":"BreadcrumbList","itemListElement":[{"@type":"ListItem","position":1,"name":"Bydlen\u00ed v Ostrav\u011b","item":"https:\/\/www.duave.cz\/bydleni-v-ostrave\/#breadcrumbitem"}]}]